{"id":2511,"date":"2020-03-23T12:36:38","date_gmt":"2020-03-23T12:36:38","guid":{"rendered":"http:\/\/afa.mvilamajo.opalstacked.com\/?p=2511"},"modified":"2020-03-23T12:40:53","modified_gmt":"2020-03-23T12:40:53","slug":"segunda-circular","status":"publish","type":"post","link":"http:\/\/rafa2020.fisica.org.ar\/?p=2511","title":{"rendered":"Segunda circular"},"content":{"rendered":"<p>Los invitamos a participar de la 105\u00aa Reuni\u00f3n de la Asociaci\u00f3n F\u00edsica Argentina, que se realizar\u00e1 desde el <strong>MARTES 22 AL VIERNES 25 DE SEPTIEMBRE DE 2020,<\/strong> en la Ciudad de Villa Carlos Paz, Provincia de C\u00f3rdoba.<\/p>\n<p>Todas las actividades cient\u00edficas y de divulgaci\u00f3n se desarrollar\u00e1n en el Hotel Portal del Lago (charlas, mesas redondas, asamblea) y en el Hotel M\u00f3naco (Sesiones de Posters, charlas).<\/p>\n<p>Como a\u00f1os anteriores, el objetivo principal es reunir a los investigadores de diferentes regiones del pa\u00eds en un evento destacado por su nivel cient\u00edfico; adem\u00e1s de promover la mejora en la calidad de la ense\u00f1anza de esta disciplina en todos los niveles, y la divulgaci\u00f3n del conocimiento.<!--more--><\/p>\n<p>Ya est\u00e1 disponible la p\u00e1gina web donde iremos comunicando toda la informaci\u00f3n sobre la reuni\u00f3n: <a href=\"http:\/\/afa.mvilamajo.opalstacked.com\/\">http:\/\/afa.mvilamajo.opalstacked.com\/<\/a><\/p>\n<h3>Fechas importantes<\/h3>\n<p style=\"padding-left: 40px;\">Inscripci\u00f3n Electr\u00f3nica: 15\/03 al 13\/07\/2020<\/p>\n<p style=\"padding-left: 40px;\">Env\u00edo de Res\u00famenes: 15\/03 al 13\/07\/2020<\/p>\n<p style=\"padding-left: 40px;\"><strong><span style=\"color: #ff0000;\">Pago de Inscripci\u00f3n Temprana: 15\/03 al 31\/05\/2020<\/span><\/strong><\/p>\n<p style=\"padding-left: 40px;\">Pedido de Ayuda Econ\u00f3mica (solo estudiantes de grado-socios): 15\/03 al 13\/07\/2020 Pago<\/p>\n<p style=\"padding-left: 40px;\">inscripci\u00f3n: 01\/06 al 13\/07\/2020<\/p>\n<h3>Costos de inscripci\u00f3n<\/h3>\n<p><strong><span style=\"color: #ff0000;\">Del 15\/03 al 31\/05:<\/span><\/strong><\/p>\n<p style=\"padding-left: 80px;\"><strong>Socios de AFA<\/strong><br \/>\nDocentes e investigadores: $ 3.000,00<br \/>\nEstudiantes de posgrado y becarios posdoctorales: $ 2.200,00<br \/>\nEstudiantes de grado: $ 800,00<br \/>\n<strong>No Socios<\/strong><br \/>\nDocentes, Investigadores y otros: $ 8.000,00<br \/>\nEstudiantes de posgrado y becarios posdoctorales: $ 5.200,00<br \/>\nEstudiantes de grado: $ 2.200,00<\/p>\n<p><span style=\"color: #ff0000;\"><strong>Del 1\/06 al 13\/07<\/strong><\/span><\/p>\n<p style=\"padding-left: 80px;\"><strong>Socios de AFA<\/strong><br \/>\nDocentes e investigadores: $ 3.900,00<br \/>\nEstudiantes de posgrado y becarios posdoctorales: $ 2.900,00<br \/>\nEstudiantes de grado: $ 1.100,00<br \/>\n<strong>No Socios<\/strong><br \/>\nDocentes, Investigadores y otros: $ 10.500,00<br \/>\nEstudiantes de posgrado y becarios posdoctorales: $ 6.500,00<br \/>\nEstudiantes de grado: $ 2.800,00<\/p>\n<p>Se ha implementado un nuevo mecanismo para enviar el comprobante de Transferencia o Pago de Inscripci\u00f3n, mediante un formulario al cual se puede acceder en el men\u00fa de Inscripciones. Para usar el mismo es necesario contar con cuenta en Gmail. En caso de no contar con cuenta en Gmail se puede enviar los comprobantes siguiendo el mecanismo usado en Reuniones pasadas.<\/p>\n<p><a href=\"http:\/\/afa.mvilamajo.opalstacked.com\/\">M\u00e1s informaci\u00f3n<\/a><\/p>\n<h3>Actividades previstas<\/h3>\n<p style=\"padding-left: 40px;\">* 12 Conferencias Plenarias<br \/>\n* Conferencia Plenaria &#8211; Premio Giambiagi 2019<br \/>\n* Reuniones de Divisi\u00f3n<br \/>\n* Exhibici\u00f3n y Discusi\u00f3n de Murales<br \/>\n* Mesas Redondas<br \/>\n* Actividades de Divulgaci\u00f3n<br \/>\n* Asamblea Anual Ordinaria<\/p>\n<h3>Contacto<\/h3>\n<p style=\"padding-left: 40px;\">Para recibir m\u00e1s informaci\u00f3n o realizar consultas, escribir a: <a href=\"mailto:reunionafa2020@gmail.com\">reunionafa2020@gmail.com<\/a><\/p>\n<p>\u00a1Los esperamos!<\/p>\n<p><strong>Comit\u00e9 Organizador Local<\/strong><\/p>\n<p>&nbsp;<\/p>\n","protected":false},"excerpt":{"rendered":"<p>Los invitamos a participar de la 105\u00aa Reuni\u00f3n de la Asociaci\u00f3n F\u00edsica Argentina, que se realizar\u00e1 desde el MARTES 22 AL VIERNES 25 DE SEPTIEMBRE DE 2020, en la Ciudad de Villa Carlos Paz, Provincia de C\u00f3rdoba. Todas las actividades cient\u00edficas y de divulgaci\u00f3n se desarrollar\u00e1n en el Hotel Portal del Lago (charlas, mesas redondas,<a class=\"moretag\" href=\"http:\/\/rafa2020.fisica.org.ar\/?p=2511\"><span class=\"screen-reader-text\">Read more about Segunda circular<\/span>[&#8230;]<\/a><\/p>\n","protected":false},"author":6,"featured_media":2262,"comment_status":"open","ping_status":"open","sticky":false,"template":"","format":"standard","meta":[],"categories":[9],"tags":[],"_links":{"self":[{"href":"http:\/\/rafa2020.fisica.org.ar\/index.php?rest_route=\/wp\/v2\/posts\/2511"}],"collection":[{"href":"http:\/\/rafa2020.fisica.org.ar\/index.php?rest_route=\/wp\/v2\/posts"}],"about":[{"href":"http:\/\/rafa2020.fisica.org.ar\/index.php?rest_route=\/wp\/v2\/types\/post"}],"author":[{"embeddable":true,"href":"http:\/\/rafa2020.fisica.org.ar\/index.php?rest_route=\/wp\/v2\/users\/6"}],"replies":[{"embeddable":true,"href":"http:\/\/rafa2020.fisica.org.ar\/index.php?rest_route=%2Fwp%2Fv2%2Fcomments&post=2511"}],"version-history":[{"count":4,"href":"http:\/\/rafa2020.fisica.org.ar\/index.php?rest_route=\/wp\/v2\/posts\/2511\/revisions"}],"predecessor-version":[{"id":2516,"href":"http:\/\/rafa2020.fisica.org.ar\/index.php?rest_route=\/wp\/v2\/posts\/2511\/revisions\/2516"}],"wp:featuredmedia":[{"embeddable":true,"href":"http:\/\/rafa2020.fisica.org.ar\/index.php?rest_route=\/wp\/v2\/media\/2262"}],"wp:attachment":[{"href":"http:\/\/rafa2020.fisica.org.ar\/index.php?rest_route=%2Fwp%2Fv2%2Fmedia&parent=2511"}],"wp:term":[{"taxonomy":"category","embeddable":true,"href":"http:\/\/rafa2020.fisica.org.ar\/index.php?rest_route=%2Fwp%2Fv2%2Fcategories&post=2511"},{"taxonomy":"post_tag","embeddable":true,"href":"http:\/\/rafa2020.fisica.org.ar\/index.php?rest_route=%2Fwp%2Fv2%2Ftags&post=2511"}],"curies":[{"name":"wp","href":"https:\/\/api.w.org\/{rel}","templated":true}]}}