{"id":2518,"date":"2020-04-03T23:02:35","date_gmt":"2020-04-03T23:02:35","guid":{"rendered":"http:\/\/afa.mvilamajo.opalstacked.com\/?p=2518"},"modified":"2020-04-03T23:02:35","modified_gmt":"2020-04-03T23:02:35","slug":"continuamos-a-paso-firme-con-la-organizacion-de-la-rafa-2020","status":"publish","type":"post","link":"http:\/\/rafa2020.fisica.org.ar\/?p=2518","title":{"rendered":"Continuamos a paso firme con la organizaci\u00f3n de la RAFA 2020."},"content":{"rendered":"<p>Desde el Comit\u00e9 Organizador de la 105\u00b0 Reuni\u00f3n de la Asociaci\u00f3n F\u00edsica Argentina queremos comunicarles que, pese a los dif\u00edciles momentos que estamos viviendo, <strong>continuamos a paso firme con la organizaci\u00f3n de la RAFA 2020.<\/strong><\/p>\n<p>Al d\u00eda de hoy, tenemos confirmadas ocho <strong>conferencias plenarias:<\/strong><\/p>\n<p style=\"padding-left: 40px;\"><strong>Estructura de los n\u00facleos at\u00f3micos en el siglo 21, cambiando paradigmas.<\/strong><br \/>\nAugusto Macchiavelli &#8211; Lawrence Berkeley National Laboratory, USA.<\/p>\n<p style=\"padding-left: 40px;\"><strong>Molecular Motors and Switches at Surfaces.<\/strong><br \/>\nPetra Rudolf &#8211; Zernike Institute for Advanced Materials, University of Groningen, Pa\u00edses Bajos<\/p>\n<p style=\"padding-left: 40px;\"><strong>Atomic resolution views of the Nanoworld.<\/strong><br \/>\nMariela Varela del Arco &#8211; Universidad Complutense de Madrid, Espa\u00f1a.<\/p>\n<p style=\"padding-left: 40px;\"><strong>Discretitud planckiana en gravedad cu\u00e1ntica y sus posibles efectos observacionales.<\/strong><br \/>\nAlejandro P\u00e9rez &#8211; Universit\u00e9 Aix-Marseille &amp; Visiting Fellow Perimeter Institute for Theoretical Physics, Francia.<\/p>\n<p style=\"padding-left: 40px;\"><strong>Spin coherent states phenomena probed by quantum state tomography and NMR in Porous media.<\/strong><br \/>\nTito Bonagamba &#8211; Universidade de Sao Paulo (USP) &#8211; Insituto de F\u00edsica de Sao Carlos (IFSC), Brasil.<\/p>\n<p style=\"padding-left: 40px;\"><strong>La F\u00edsica de la irradiaci\u00f3n de materia biol\u00f3gica con haces de iones.<\/strong><br \/>\nRoberto Rivarola &#8211; Instituto de F\u00edsica Rosario, UNR-CONICET, Argentina.<\/p>\n<p style=\"padding-left: 40px;\"><strong>Fen\u00f3menos de tranporte polarizado en espin y magnetismo de nanoestructuras artificiales.<\/strong><br \/>\nLaura Steren &#8211; Centro At\u00f3mico Constituyentes, Comisi\u00f3n Nacional de Energ\u00eda At\u00f3mica-CONICET, Argentina.<\/p>\n<p>En breve, estaremos actualizando la p\u00e1gina con m\u00e1s actividades confirmadas, charlas, conferencias y mesas redondas.<\/p>\n<p><strong>\u00a1\u00a1\u00a1Los esperamos en septiembre en Villa Carlos Paz!!!<\/strong><\/p>\n","protected":false},"excerpt":{"rendered":"<p>Desde el Comit\u00e9 Organizador de la 105\u00b0 Reuni\u00f3n de la Asociaci\u00f3n F\u00edsica Argentina queremos comunicarles que, pese a los dif\u00edciles momentos que estamos viviendo, continuamos a paso firme con la organizaci\u00f3n de la RAFA 2020. Al d\u00eda de hoy, tenemos confirmadas ocho conferencias plenarias: Estructura de los n\u00facleos at\u00f3micos en el siglo 21, cambiando paradigmas.<a class=\"moretag\" href=\"http:\/\/rafa2020.fisica.org.ar\/?p=2518\"><span class=\"screen-reader-text\">Read more about Continuamos a paso firme con la organizaci\u00f3n de la RAFA 2020.<\/span>[&#8230;]<\/a><\/p>\n","protected":false},"author":6,"featured_media":2523,"comment_status":"open","ping_status":"open","sticky":false,"template":"","format":"standard","meta":[],"categories":[10],"tags":[],"_links":{"self":[{"href":"http:\/\/rafa2020.fisica.org.ar\/index.php?rest_route=\/wp\/v2\/posts\/2518"}],"collection":[{"href":"http:\/\/rafa2020.fisica.org.ar\/index.php?rest_route=\/wp\/v2\/posts"}],"about":[{"href":"http:\/\/rafa2020.fisica.org.ar\/index.php?rest_route=\/wp\/v2\/types\/post"}],"author":[{"embeddable":true,"href":"http:\/\/rafa2020.fisica.org.ar\/index.php?rest_route=\/wp\/v2\/users\/6"}],"replies":[{"embeddable":true,"href":"http:\/\/rafa2020.fisica.org.ar\/index.php?rest_route=%2Fwp%2Fv2%2Fcomments&post=2518"}],"version-history":[{"count":5,"href":"http:\/\/rafa2020.fisica.org.ar\/index.php?rest_route=\/wp\/v2\/posts\/2518\/revisions"}],"predecessor-version":[{"id":2524,"href":"http:\/\/rafa2020.fisica.org.ar\/index.php?rest_route=\/wp\/v2\/posts\/2518\/revisions\/2524"}],"wp:featuredmedia":[{"embeddable":true,"href":"http:\/\/rafa2020.fisica.org.ar\/index.php?rest_route=\/wp\/v2\/media\/2523"}],"wp:attachment":[{"href":"http:\/\/rafa2020.fisica.org.ar\/index.php?rest_route=%2Fwp%2Fv2%2Fmedia&parent=2518"}],"wp:term":[{"taxonomy":"category","embeddable":true,"href":"http:\/\/rafa2020.fisica.org.ar\/index.php?rest_route=%2Fwp%2Fv2%2Fcategories&post=2518"},{"taxonomy":"post_tag","embeddable":true,"href":"http:\/\/rafa2020.fisica.org.ar\/index.php?rest_route=%2Fwp%2Fv2%2Ftags&post=2518"}],"curies":[{"name":"wp","href":"https:\/\/api.w.org\/{rel}","templated":true}]}}