{"id":2533,"date":"2020-05-29T21:49:09","date_gmt":"2020-05-29T21:49:09","guid":{"rendered":"http:\/\/afa.mvilamajo.opalstacked.com\/?p=2533"},"modified":"2020-05-29T21:49:09","modified_gmt":"2020-05-29T21:49:09","slug":"suspension-de-la-reunion-presencial-rafa-2020","status":"publish","type":"post","link":"http:\/\/rafa2020.fisica.org.ar\/?p=2533","title":{"rendered":"Suspension de la reuni\u00f3n presencial RAFA-2020"},"content":{"rendered":"<p>El Comit\u00e9 Organizador Local y la Comisi\u00f3n Directiva de la Asociaci\u00f3n, teniendo en cuenta la situaci\u00f3n sanitaria producida por la pandemia de Sars-Covid-2, hemos tomado la decisi\u00f3n de<strong> suspender la realizaci\u00f3n presencial<\/strong> de la Reuni\u00f3n Anual que iba a tener lugar en la Provincia de C\u00f3rdoba el pr\u00f3ximo Septiembre.<\/p>\n<p>Hemos tomado esta decisi\u00f3n luego de explorar diversas alternativas, por ejemplo que parte de la Reuni\u00f3n, o su totalidad, tuviera lugar en forma virtual, etc. M\u00e1s all\u00e1 de esta posibilidad, bastante limitada aun pagando servicios de streaming que permitan el acceso masivo a las conferencias, est\u00e1n las dificultades obvias de los colegas experimentales que no pueden acceder a los laboratorios limitando la obtenci\u00f3n y presentaci\u00f3n de los resultados novedosos y originales que son parte fundamental de la Reuni\u00f3n. Son conocidas todas las dificultades que experimentan las investigadoras e investigadores que deben apoyar a su familia en tareas escolares y hogare\u00f1as.<!--more--><\/p>\n<p>Tambi\u00e9n nos motiva a suspender que ninguna versi\u00f3n virtual de la Reuni\u00f3n facilita la discusi\u00f3n e intercambio de ideas como el encuentro con otros colegas durante la misma. Otro factor es la imposibilidad de tener sesiones de Presentaciones murales de forma organizada, las reuniones virtuales que hemos analizado son sesiones orales continuas lo que limita severamente el n\u00famero de presentaciones posibles.<\/p>\n<p>El Comit\u00e9 Local (CL) tambi\u00e9n le solicit\u00f3 a la Comisi\u00f3n Directiva que, teniendo en cuenta todos los avances en la organizaci\u00f3n que se hab\u00edan logrado, la Reuni\u00f3n de 2021 tenga lugar en C\u00f3rdoba. Creemos que esto resulta tambi\u00e9n conveniente para los colegas de la filial Bariloche, quienes tendr\u00edan que comenzar con la organizaci\u00f3n en la presente situaci\u00f3n. Por otro lado el CL quiere agradecer al Comit\u00e9 Cient\u00edfico, que ya hab\u00eda propuesto un orden de m\u00e9rito para los m\u00e1s de treinta candidatos para las Conferencias Plenarias, tambi\u00e9n queremos agradecer a los candidatos que ya nos hab\u00edan confirmado su presentaci\u00f3n en medio del desarrollo de la pandemia condicionado a la posibilidad de viajar!<\/p>\n<p>M\u00e1s all\u00e1 de esta circunstancia nos proponemos encontrarnos con Uds, de nuevo, el a\u00f1o que viene. Mientras tanto recordemos que tenemos que seguir apoyando a la Asociaci\u00f3n pagando nuestras cuotas societarias.<\/p>\n<p>Atentamente<br \/>\n<strong>Comit\u00e9 Organizador Local de la RAFA 2020<br \/>\n<\/strong><\/p>\n","protected":false},"excerpt":{"rendered":"<p>El Comit\u00e9 Organizador Local y la Comisi\u00f3n Directiva de la Asociaci\u00f3n, teniendo en cuenta la situaci\u00f3n sanitaria producida por la pandemia de Sars-Covid-2, hemos tomado la decisi\u00f3n de suspender la realizaci\u00f3n presencial de la Reuni\u00f3n Anual que iba a tener lugar en la Provincia de C\u00f3rdoba el pr\u00f3ximo Septiembre. Hemos tomado esta decisi\u00f3n luego de<a class=\"moretag\" href=\"http:\/\/rafa2020.fisica.org.ar\/?p=2533\"><span class=\"screen-reader-text\">Read more about Suspension de la reuni\u00f3n presencial RAFA-2020<\/span>[&#8230;]<\/a><\/p>\n","protected":false},"author":6,"featured_media":2261,"comment_status":"open","ping_status":"open","sticky":false,"template":"","format":"standard","meta":[],"categories":[9,10],"tags":[],"_links":{"self":[{"href":"http:\/\/rafa2020.fisica.org.ar\/index.php?rest_route=\/wp\/v2\/posts\/2533"}],"collection":[{"href":"http:\/\/rafa2020.fisica.org.ar\/index.php?rest_route=\/wp\/v2\/posts"}],"about":[{"href":"http:\/\/rafa2020.fisica.org.ar\/index.php?rest_route=\/wp\/v2\/types\/post"}],"author":[{"embeddable":true,"href":"http:\/\/rafa2020.fisica.org.ar\/index.php?rest_route=\/wp\/v2\/users\/6"}],"replies":[{"embeddable":true,"href":"http:\/\/rafa2020.fisica.org.ar\/index.php?rest_route=%2Fwp%2Fv2%2Fcomments&post=2533"}],"version-history":[{"count":1,"href":"http:\/\/rafa2020.fisica.org.ar\/index.php?rest_route=\/wp\/v2\/posts\/2533\/revisions"}],"predecessor-version":[{"id":2534,"href":"http:\/\/rafa2020.fisica.org.ar\/index.php?rest_route=\/wp\/v2\/posts\/2533\/revisions\/2534"}],"wp:featuredmedia":[{"embeddable":true,"href":"http:\/\/rafa2020.fisica.org.ar\/index.php?rest_route=\/wp\/v2\/media\/2261"}],"wp:attachment":[{"href":"http:\/\/rafa2020.fisica.org.ar\/index.php?rest_route=%2Fwp%2Fv2%2Fmedia&parent=2533"}],"wp:term":[{"taxonomy":"category","embeddable":true,"href":"http:\/\/rafa2020.fisica.org.ar\/index.php?rest_route=%2Fwp%2Fv2%2Fcategories&post=2533"},{"taxonomy":"post_tag","embeddable":true,"href":"http:\/\/rafa2020.fisica.org.ar\/index.php?rest_route=%2Fwp%2Fv2%2Ftags&post=2533"}],"curies":[{"name":"wp","href":"https:\/\/api.w.org\/{rel}","templated":true}]}}