{"id":2535,"date":"2020-05-29T21:59:37","date_gmt":"2020-05-29T21:59:37","guid":{"rendered":"http:\/\/afa.mvilamajo.opalstacked.com\/?p=2535"},"modified":"2020-05-29T21:59:37","modified_gmt":"2020-05-29T21:59:37","slug":"realizacion-de-reunion-virtual-de-divisiones-de-afa","status":"publish","type":"post","link":"http:\/\/rafa2020.fisica.org.ar\/?p=2535","title":{"rendered":"Realizaci\u00f3n de reuni\u00f3n virtual de divisiones de AFA"},"content":{"rendered":"<p>La CD de AFA ha decidido posponer la reuni\u00f3n presencial RAFA-2020 para septiembre de 2021.<\/p>\n<p>Sin embargo, vistas las opiniones de socios de AFA en el sentido que ser\u00eda adecuado mantener al menos alg\u00fan tipo de reuni\u00f3n virtual, es que desde el Comit\u00e9 Organizador RAFA-2020 y la CD de AFA queremos hacerle llegar el siguiente aviso.<\/p>\n<p>Una reuni\u00f3n virtual de la magnitud y con las caracter\u00edsticas de la RAFA es inviable de hacer on-line. Reuniones de menor n\u00fameros de participantes y limitadas a charlas breves de no m\u00e1s de 20 minutos, tienen alg\u00fan viso de realidad.<\/p>\n<p>En vista de esto, la CD de AFA junto a las Divisiones, la Subcomisi\u00f3n de G\u00e9nero y el Comit\u00e9 Organizador de la RAFA 2020 ha decidido realizar reuniones virtuales con la participaci\u00f3n de las Divisiones y la Subcomisi\u00f3n de G\u00e9nero, cuyos lineamientos generales ser\u00e1n:<!--more--><\/p>\n<p>Encargar a las Divisiones de AFA y a la Subcomisi\u00f3n de G\u00e9nero la realizaci\u00f3n de las charlas de Divisi\u00f3n on-line, bajo el auspicio y sostenimiento econ\u00f3mico y t\u00e9cnico de AFA central.<\/p>\n<p>Que ofrecemos:<\/p>\n<p style=\"padding-left: 40px;\"><strong>1.<\/strong> AFA se hace cargo de la contrataci\u00f3n y pago de una plataforma tipo WEBINAR.<br \/>\n<strong>2.<\/strong> La contrataci\u00f3n de la plataforma seria por un mes.<br \/>\n<strong>3.<\/strong> AFA brindar\u00eda el sistema de intranet para las inscripciones<br \/>\n<strong>4.<\/strong> De acuerdo a la disponibilidad de fondos, la inscripci\u00f3n para socios con las cuotas al d\u00eda seria gratuita.<br \/>\n<strong>5.<\/strong> En la inscripci\u00f3n se deber\u00e1 especificar para las charlas de que Divisi\u00f3n o Divisiones y\/o Subcomisi\u00f3n de G\u00e9nero desea inscribirse, esto permite estimar el n\u00famero de participantes.<br \/>\n<strong>6.<\/strong> AFA brindar\u00eda el sistema Intranet para la confecci\u00f3n de UN libro de res\u00famenes, con las charlas de todas las divisiones<br \/>\n<strong>7.<\/strong> El comit\u00e9 organizador editar\u00eda el libro de res\u00famenes<br \/>\n<strong>8.<\/strong> El comit\u00e9 organizador, en com\u00fan acuerdo con las divisiones, realizara el organigrama de las charlas.<br \/>\n<strong>9.<\/strong> El comit\u00e9 Organizador estar\u00eda a cargo de la creaci\u00f3n y mantenimiento de la p\u00e1gina web de la reuni\u00f3n virtual.<\/p>\n<p>Las Divisiones y la Subcomisi\u00f3n de G\u00e9nero estar\u00e1n a cargo de:<\/p>\n<p style=\"padding-left: 40px;\"><strong>a)<\/strong> Inicio de las sesiones on-line,<br \/>\n<strong>b)<\/strong> monitoreo del correcto funcionamiento del sistema on-line,<br \/>\n<strong>c)<\/strong> moderaci\u00f3n de las charlas mediante chairwoman\/man responsable,<br \/>\n<strong>d)<\/strong> control de quien ingresa a las charlas, deber\u00e1 preferenciarse a las personas inscriptas en caso que se supere el numero razonable de asistentes<br \/>\n<strong>e)<\/strong> Selecci\u00f3n de las charlas y mantener el contacto con las\/los conferencistas<\/p>\n<p>No habr\u00e1 charlas plenarias. Las y los conferencistas plenarias\/os ya seleccionadas\/os para la reuni\u00f3n presencial que se suspende, ser\u00e1n confirmados a la brevedad para la reuni\u00f3n del a\u00f1o pr\u00f3ximo (2021).<\/p>\n<p>AFA central se har\u00e1 cargo del Premio Masperi como lo hace anualmente. Se invitar\u00e1 a la presentaci\u00f3n de poster \u00fanicamente a quienes satisfagan las condiciones de presentaci\u00f3n al premio Masperi. Un sitio especial ser\u00e1 abierto para el alojamiento de los posters y un jurado compuesto por socios activos de AFA har\u00e1 la selecci\u00f3n. La selecci\u00f3n ser\u00e1 mediante exposici\u00f3n on-line de las\/los postulantes.<\/p>\n<p><em><strong>Prof. Dr. Gustavo Alberto Monti<\/strong><\/em><br \/>\n<strong>Presidente Asociaci\u00f3n F\u00edsica Argentina<\/strong><\/p>\n","protected":false},"excerpt":{"rendered":"<p>La CD de AFA ha decidido posponer la reuni\u00f3n presencial RAFA-2020 para septiembre de 2021. Sin embargo, vistas las opiniones de socios de AFA en el sentido que ser\u00eda adecuado mantener al menos alg\u00fan tipo de reuni\u00f3n virtual, es que desde el Comit\u00e9 Organizador RAFA-2020 y la CD de AFA queremos hacerle llegar el siguiente<a class=\"moretag\" href=\"http:\/\/rafa2020.fisica.org.ar\/?p=2535\"><span class=\"screen-reader-text\">Read more about Realizaci\u00f3n de reuni\u00f3n virtual de divisiones de AFA<\/span>[&#8230;]<\/a><\/p>\n","protected":false},"author":6,"featured_media":2536,"comment_status":"open","ping_status":"open","sticky":false,"template":"","format":"standard","meta":[],"categories":[9,10],"tags":[],"_links":{"self":[{"href":"http:\/\/rafa2020.fisica.org.ar\/index.php?rest_route=\/wp\/v2\/posts\/2535"}],"collection":[{"href":"http:\/\/rafa2020.fisica.org.ar\/index.php?rest_route=\/wp\/v2\/posts"}],"about":[{"href":"http:\/\/rafa2020.fisica.org.ar\/index.php?rest_route=\/wp\/v2\/types\/post"}],"author":[{"embeddable":true,"href":"http:\/\/rafa2020.fisica.org.ar\/index.php?rest_route=\/wp\/v2\/users\/6"}],"replies":[{"embeddable":true,"href":"http:\/\/rafa2020.fisica.org.ar\/index.php?rest_route=%2Fwp%2Fv2%2Fcomments&post=2535"}],"version-history":[{"count":1,"href":"http:\/\/rafa2020.fisica.org.ar\/index.php?rest_route=\/wp\/v2\/posts\/2535\/revisions"}],"predecessor-version":[{"id":2537,"href":"http:\/\/rafa2020.fisica.org.ar\/index.php?rest_route=\/wp\/v2\/posts\/2535\/revisions\/2537"}],"wp:featuredmedia":[{"embeddable":true,"href":"http:\/\/rafa2020.fisica.org.ar\/index.php?rest_route=\/wp\/v2\/media\/2536"}],"wp:attachment":[{"href":"http:\/\/rafa2020.fisica.org.ar\/index.php?rest_route=%2Fwp%2Fv2%2Fmedia&parent=2535"}],"wp:term":[{"taxonomy":"category","embeddable":true,"href":"http:\/\/rafa2020.fisica.org.ar\/index.php?rest_route=%2Fwp%2Fv2%2Fcategories&post=2535"},{"taxonomy":"post_tag","embeddable":true,"href":"http:\/\/rafa2020.fisica.org.ar\/index.php?rest_route=%2Fwp%2Fv2%2Ftags&post=2535"}],"curies":[{"name":"wp","href":"https:\/\/api.w.org\/{rel}","templated":true}]}}