{"id":2553,"date":"2020-06-02T13:40:07","date_gmt":"2020-06-02T13:40:07","guid":{"rendered":"http:\/\/afa.mvilamajo.opalstacked.com\/?p=2553"},"modified":"2020-06-02T13:40:07","modified_gmt":"2020-06-02T13:40:07","slug":"primera-reunion-de-la-asociacion-en-formato-webinar","status":"publish","type":"post","link":"http:\/\/rafa2020.fisica.org.ar\/?p=2553","title":{"rendered":"Primera Reuni\u00f3n de la Asociaci\u00f3n en formato \u201cWebinar\u201d"},"content":{"rendered":"<p>El Comit\u00e9 Organizador Local y la Comisi\u00f3n Directiva de la Asociaci\u00f3n, teniendo en cuenta la situaci\u00f3n sanitaria producida por la pandemia de Sars-Cov-2, tenemos el agrado de anunciar la realizaci\u00f3n de la primera Reuni\u00f3n de la Asociaci\u00f3n en formato <em>\u201cWebinar\u201d<\/em>, es decir tendremos presentaci\u00f3n de trabajos en forma remota. Los eventos tendr\u00e1n lugar, principalmente, durante la semana en la que estaba prevista la Reuni\u00f3n Anual que ha sido suspendida, es decir la semana de 21 al 25 de septiembre pero en caso de ser necesario la actividad puede extenderse fuera de dicha semana.<\/p>\n<p>Para presentar trabajos y asistir es necesario inscribirse en la Intranet de la AFA, tal como se hace para la Reuni\u00f3n usual, declarando en que Divisi\u00f3n desea presentarse el trabajo. La<strong> fecha l\u00edmite para inscribirse y envio de res\u00famenes es el 31 de Julio.<\/strong><\/p>\n<p>Todas las actividades que involucren presentaci\u00f3n remota ser\u00e1n coordinadas por los responsables de Divisi\u00f3n.<\/p>\n<p>El evento no tiene costo para socios al d\u00eda. Por otras situaciones los invitamos a consultar la p\u00e1gina Web, que es la de siempre <a href=\"http:\/\/afa.mvilamajo.opalstacked.com\/\">http:\/\/afa.mvilamajo.opalstacked.com\/<\/a> o pueden preguntar en el mail de la reuni\u00f3n <a href=\"mailto:reunionafa2020@gmail.com\">reunionafa2020@gmail.com<\/a>.<\/p>\n<p>Esperamos que se sumen a esta nueva experiencia y que todos se encuentren bien.<\/p>\n<p>Atentamente<br \/>\nComisi\u00f3n Directiva de la AFA<br \/>\nComit\u00e9 Organizador \u201cLocal\u201d<\/p>\n","protected":false},"excerpt":{"rendered":"<p>El Comit\u00e9 Organizador Local y la Comisi\u00f3n Directiva de la Asociaci\u00f3n, teniendo en cuenta la situaci\u00f3n sanitaria producida por la pandemia de Sars-Cov-2, tenemos el agrado de anunciar la realizaci\u00f3n de la primera Reuni\u00f3n de la Asociaci\u00f3n en formato \u201cWebinar\u201d, es decir tendremos presentaci\u00f3n de trabajos en forma remota. Los eventos tendr\u00e1n lugar, principalmente, durante<a class=\"moretag\" href=\"http:\/\/rafa2020.fisica.org.ar\/?p=2553\"><span class=\"screen-reader-text\">Read more about Primera Reuni\u00f3n de la Asociaci\u00f3n en formato \u201cWebinar\u201d<\/span>[&#8230;]<\/a><\/p>\n","protected":false},"author":6,"featured_media":2545,"comment_status":"open","ping_status":"open","sticky":false,"template":"","format":"standard","meta":[],"categories":[9,10],"tags":[],"_links":{"self":[{"href":"http:\/\/rafa2020.fisica.org.ar\/index.php?rest_route=\/wp\/v2\/posts\/2553"}],"collection":[{"href":"http:\/\/rafa2020.fisica.org.ar\/index.php?rest_route=\/wp\/v2\/posts"}],"about":[{"href":"http:\/\/rafa2020.fisica.org.ar\/index.php?rest_route=\/wp\/v2\/types\/post"}],"author":[{"embeddable":true,"href":"http:\/\/rafa2020.fisica.org.ar\/index.php?rest_route=\/wp\/v2\/users\/6"}],"replies":[{"embeddable":true,"href":"http:\/\/rafa2020.fisica.org.ar\/index.php?rest_route=%2Fwp%2Fv2%2Fcomments&post=2553"}],"version-history":[{"count":1,"href":"http:\/\/rafa2020.fisica.org.ar\/index.php?rest_route=\/wp\/v2\/posts\/2553\/revisions"}],"predecessor-version":[{"id":2554,"href":"http:\/\/rafa2020.fisica.org.ar\/index.php?rest_route=\/wp\/v2\/posts\/2553\/revisions\/2554"}],"wp:featuredmedia":[{"embeddable":true,"href":"http:\/\/rafa2020.fisica.org.ar\/index.php?rest_route=\/wp\/v2\/media\/2545"}],"wp:attachment":[{"href":"http:\/\/rafa2020.fisica.org.ar\/index.php?rest_route=%2Fwp%2Fv2%2Fmedia&parent=2553"}],"wp:term":[{"taxonomy":"category","embeddable":true,"href":"http:\/\/rafa2020.fisica.org.ar\/index.php?rest_route=%2Fwp%2Fv2%2Fcategories&post=2553"},{"taxonomy":"post_tag","embeddable":true,"href":"http:\/\/rafa2020.fisica.org.ar\/index.php?rest_route=%2Fwp%2Fv2%2Ftags&post=2553"}],"curies":[{"name":"wp","href":"https:\/\/api.w.org\/{rel}","templated":true}]}}