{"id":2562,"date":"2020-07-16T22:33:52","date_gmt":"2020-07-16T22:33:52","guid":{"rendered":"http:\/\/afa.mvilamajo.opalstacked.com\/?p=2562"},"modified":"2020-07-21T19:27:01","modified_gmt":"2020-07-21T19:27:01","slug":"presentacion-de-trabajos","status":"publish","type":"post","link":"http:\/\/rafa2020.fisica.org.ar\/?p=2562","title":{"rendered":"Presentaci\u00f3n de trabajos"},"content":{"rendered":"<p>Al inscribirse, si presenta trabajo, recuerde:<\/p>\n<p><strong>1-<\/strong> No hay sesi\u00f3n de &#8220;p\u00f3sters&#8221; general, todas las actividades se canalizan a traves de las Divisiones.<\/p>\n<p><strong>2-<\/strong> En la p\u00e1gina de la <a href=\"http:\/\/sistema.fisica.org.ar\/\">Intranet<\/a> donde se sube el resumen de la presentaci\u00f3n la misma le solicita Clasificaci\u00f3n tem\u00e1tica y que tipo de presentaci\u00f3n quiere hacer. <strong>Tiene que solicitar presentaci\u00f3n oral lo cual le permite elegir una divisi\u00f3n.<\/strong> Habr\u00e1 dos tipos de presentaci\u00f3n oral: larga y corta (aprox. 5 minutos). La charla corta es el reemplazo de la presentaci\u00f3n mural. Declare su preferencia por charla larga o corta al final del <em>abstract<\/em> de su presentaci\u00f3n.<\/p>\n<p><img loading=\"lazy\" class=\"aligncenter wp-image-2560 size-full\" src=\"http:\/\/afa.mvilamajo.opalstacked.com\/wp-content\/uploads\/2020\/07\/inscripcion_charlas_2020.jpg\" alt=\"\" width=\"843\" height=\"1192\" srcset=\"http:\/\/rafa2020.fisica.org.ar\/wp-content\/uploads\/2020\/07\/inscripcion_charlas_2020.jpg 843w, http:\/\/rafa2020.fisica.org.ar\/wp-content\/uploads\/2020\/07\/inscripcion_charlas_2020-212x300.jpg 212w, http:\/\/rafa2020.fisica.org.ar\/wp-content\/uploads\/2020\/07\/inscripcion_charlas_2020-724x1024.jpg 724w, http:\/\/rafa2020.fisica.org.ar\/wp-content\/uploads\/2020\/07\/inscripcion_charlas_2020-768x1086.jpg 768w\" sizes=\"(max-width: 843px) 100vw, 843px\" \/><\/p>\n<p><strong>3-<\/strong> Si desea optar al <strong>Premio Masperi<\/strong> tiene que inscribirse en <em>&#8220;poster&#8221;<\/em> y declarar que opta al premio. En ese caso la Comisi\u00f3n de Evaluaci\u00f3n se comunicar\u00e1 con los candidatos para hacerles saber la modalidad y el momento de la presentaci\u00f3n.<\/p>\n<p><img loading=\"lazy\" class=\"aligncenter wp-image-2559 size-full\" src=\"http:\/\/afa.mvilamajo.opalstacked.com\/wp-content\/uploads\/2020\/07\/inscripcion_masperi_2020.jpg\" alt=\"\" width=\"843\" height=\"1192\" srcset=\"http:\/\/rafa2020.fisica.org.ar\/wp-content\/uploads\/2020\/07\/inscripcion_masperi_2020.jpg 843w, http:\/\/rafa2020.fisica.org.ar\/wp-content\/uploads\/2020\/07\/inscripcion_masperi_2020-212x300.jpg 212w, http:\/\/rafa2020.fisica.org.ar\/wp-content\/uploads\/2020\/07\/inscripcion_masperi_2020-724x1024.jpg 724w, http:\/\/rafa2020.fisica.org.ar\/wp-content\/uploads\/2020\/07\/inscripcion_masperi_2020-768x1086.jpg 768w\" sizes=\"(max-width: 843px) 100vw, 843px\" \/><\/p>\n<p>&nbsp;<\/p>\n","protected":false},"excerpt":{"rendered":"<p>Al inscribirse, si presenta trabajo, recuerde: 1- No hay sesi\u00f3n de &#8220;p\u00f3sters&#8221; general, todas las actividades se canalizan a traves de las Divisiones. 2- En la p\u00e1gina de la Intranet donde se sube el resumen de la presentaci\u00f3n la misma le solicita Clasificaci\u00f3n tem\u00e1tica y que tipo de presentaci\u00f3n quiere hacer. Tiene que solicitar presentaci\u00f3n<a class=\"moretag\" href=\"http:\/\/rafa2020.fisica.org.ar\/?p=2562\"><span class=\"screen-reader-text\">Read more about Presentaci\u00f3n de trabajos<\/span>[&#8230;]<\/a><\/p>\n","protected":false},"author":6,"featured_media":2561,"comment_status":"open","ping_status":"open","sticky":false,"template":"","format":"standard","meta":[],"categories":[9,10],"tags":[],"_links":{"self":[{"href":"http:\/\/rafa2020.fisica.org.ar\/index.php?rest_route=\/wp\/v2\/posts\/2562"}],"collection":[{"href":"http:\/\/rafa2020.fisica.org.ar\/index.php?rest_route=\/wp\/v2\/posts"}],"about":[{"href":"http:\/\/rafa2020.fisica.org.ar\/index.php?rest_route=\/wp\/v2\/types\/post"}],"author":[{"embeddable":true,"href":"http:\/\/rafa2020.fisica.org.ar\/index.php?rest_route=\/wp\/v2\/users\/6"}],"replies":[{"embeddable":true,"href":"http:\/\/rafa2020.fisica.org.ar\/index.php?rest_route=%2Fwp%2Fv2%2Fcomments&post=2562"}],"version-history":[{"count":8,"href":"http:\/\/rafa2020.fisica.org.ar\/index.php?rest_route=\/wp\/v2\/posts\/2562\/revisions"}],"predecessor-version":[{"id":2638,"href":"http:\/\/rafa2020.fisica.org.ar\/index.php?rest_route=\/wp\/v2\/posts\/2562\/revisions\/2638"}],"wp:featuredmedia":[{"embeddable":true,"href":"http:\/\/rafa2020.fisica.org.ar\/index.php?rest_route=\/wp\/v2\/media\/2561"}],"wp:attachment":[{"href":"http:\/\/rafa2020.fisica.org.ar\/index.php?rest_route=%2Fwp%2Fv2%2Fmedia&parent=2562"}],"wp:term":[{"taxonomy":"category","embeddable":true,"href":"http:\/\/rafa2020.fisica.org.ar\/index.php?rest_route=%2Fwp%2Fv2%2Fcategories&post=2562"},{"taxonomy":"post_tag","embeddable":true,"href":"http:\/\/rafa2020.fisica.org.ar\/index.php?rest_route=%2Fwp%2Fv2%2Ftags&post=2562"}],"curies":[{"name":"wp","href":"https:\/\/api.w.org\/{rel}","templated":true}]}}