{"id":2816,"date":"2020-07-30T20:44:43","date_gmt":"2020-07-30T20:44:43","guid":{"rendered":"http:\/\/afa.mvilamajo.opalstacked.com\/?p=2816"},"modified":"2020-07-30T20:46:25","modified_gmt":"2020-07-30T20:46:25","slug":"tercera-circular","status":"publish","type":"post","link":"http:\/\/rafa2020.fisica.org.ar\/?p=2816","title":{"rendered":"Tercera Circular"},"content":{"rendered":"<p>Estimados Socios e Integrantes de la Comunidad F\u00edsica,<\/p>\n<p>El Comit\u00e9 Organizador Local y la Comisi\u00f3n Directiva de la Asociaci\u00f3n, tienen el agrado de comunicar que se ha extendido el <strong>plazo para inscribirse y enviar los res\u00famenes<\/strong> para participar de la primera Reuni\u00f3n de la Asociaci\u00f3n en formato &#8220;Webinar&#8221;. <strong>La nueva fecha l\u00edmite es el viernes 14 de agosto de 2020.<\/strong><\/p>\n<p>Todas las actividades que involucren presentaci\u00f3n remota ser\u00e1n coordinadas por los responsables de Divisi\u00f3n, por lo que se recomienda visitar los <a href=\"http:\/\/afa.mvilamajo.opalstacked.com\/?page_id=1433\">micrositios de cada divisi\u00f3n<\/a>, dentro de la p\u00e1gina web de la reuni\u00f3n, a fin de obtener informaci\u00f3n m\u00e1s detallada.<\/p>\n<p>Se realizara tambi\u00e9n una espacio para presentar trabajos relacionados con la tem\u00e1tica <a href=\"http:\/\/afa.mvilamajo.opalstacked.com\/?page_id=2647\">COVID-19<\/a> y una sesi\u00f3n especial organizada por la <a href=\"http:\/\/afa.mvilamajo.opalstacked.com\/?page_id=2627\">Subcomisi\u00f3n de G\u00e9nero<\/a> de la asociaci\u00f3n.<!--more--><\/p>\n<p><a href=\"https:\/\/aiphag.com\/\"><img loading=\"lazy\" class=\"size-full wp-image-2818 alignright\" src=\"http:\/\/afa.mvilamajo.opalstacked.com\/wp-content\/uploads\/2020\/07\/logo_aiphag.png\" alt=\"\" width=\"150\" height=\"150\" \/><\/a>En esta oportunidad el soporte t\u00e9cnico para la realizaci\u00f3n de la reuni\u00f3n virtual ser\u00e1 provisto por la empresa cordobesa <a href=\"https:\/\/aiphag.com\/\">Aiphag<\/a>.<\/p>\n<p>Se recuerda que para presentar trabajos y asistir es necesario inscribirse en la Intranet de la AFA, tal como se hace para la Reuni\u00f3n usualmente, declarando en qu\u00e9 Divisi\u00f3n desea presentarse el trabajo (<a href=\"http:\/\/afa.mvilamajo.opalstacked.com\/?p=2562\">ver ejemplo<\/a>).<\/p>\n<p>Recordamos tambi\u00e9n que las y los estudiantes pueden postularse al <a href=\"http:\/\/afa.mvilamajo.opalstacked.com\/?page_id=2630\">Premio M\u00e1speri<\/a> al momento de realizar la inscripci\u00f3n.<\/p>\n<p>El evento no tiene costo para socios al d\u00eda. Para mayor informaci\u00f3n los invitamos a consultar la p\u00e1gina web, que es la de siempre (<a href=\"http:\/\/afa.mvilamajo.opalstacked.com\/\">http:\/\/afa.mvilamajo.opalstacked.com\/<\/a>) o pueden preguntar en el mail de la reuni\u00f3n: <a href=\"mailto:reunionafa2020@gmail.com\">reunionafa2020@gmail.com<\/a>.<\/p>\n<p>Esperamos que se sumen a esta nueva experiencia y que todos se encuentren bien.<\/p>\n<p>Atentamente,<\/p>\n<p style=\"padding-left: 40px;\"><strong>Comisi\u00f3n Directiva de la AFA<\/strong><br \/>\n<strong>Comit\u00e9 Organizador &#8220;Local&#8221;<\/strong><\/p>\n<p>&nbsp;<\/p>\n","protected":false},"excerpt":{"rendered":"<p>Estimados Socios e Integrantes de la Comunidad F\u00edsica, El Comit\u00e9 Organizador Local y la Comisi\u00f3n Directiva de la Asociaci\u00f3n, tienen el agrado de comunicar que se ha extendido el plazo para inscribirse y enviar los res\u00famenes para participar de la primera Reuni\u00f3n de la Asociaci\u00f3n en formato &#8220;Webinar&#8221;. La nueva fecha l\u00edmite es el viernes<a class=\"moretag\" href=\"http:\/\/rafa2020.fisica.org.ar\/?p=2816\"><span class=\"screen-reader-text\">Read more about Tercera Circular<\/span>[&#8230;]<\/a><\/p>\n","protected":false},"author":6,"featured_media":2820,"comment_status":"open","ping_status":"open","sticky":false,"template":"","format":"standard","meta":[],"categories":[9,10],"tags":[],"_links":{"self":[{"href":"http:\/\/rafa2020.fisica.org.ar\/index.php?rest_route=\/wp\/v2\/posts\/2816"}],"collection":[{"href":"http:\/\/rafa2020.fisica.org.ar\/index.php?rest_route=\/wp\/v2\/posts"}],"about":[{"href":"http:\/\/rafa2020.fisica.org.ar\/index.php?rest_route=\/wp\/v2\/types\/post"}],"author":[{"embeddable":true,"href":"http:\/\/rafa2020.fisica.org.ar\/index.php?rest_route=\/wp\/v2\/users\/6"}],"replies":[{"embeddable":true,"href":"http:\/\/rafa2020.fisica.org.ar\/index.php?rest_route=%2Fwp%2Fv2%2Fcomments&post=2816"}],"version-history":[{"count":1,"href":"http:\/\/rafa2020.fisica.org.ar\/index.php?rest_route=\/wp\/v2\/posts\/2816\/revisions"}],"predecessor-version":[{"id":2819,"href":"http:\/\/rafa2020.fisica.org.ar\/index.php?rest_route=\/wp\/v2\/posts\/2816\/revisions\/2819"}],"wp:featuredmedia":[{"embeddable":true,"href":"http:\/\/rafa2020.fisica.org.ar\/index.php?rest_route=\/wp\/v2\/media\/2820"}],"wp:attachment":[{"href":"http:\/\/rafa2020.fisica.org.ar\/index.php?rest_route=%2Fwp%2Fv2%2Fmedia&parent=2816"}],"wp:term":[{"taxonomy":"category","embeddable":true,"href":"http:\/\/rafa2020.fisica.org.ar\/index.php?rest_route=%2Fwp%2Fv2%2Fcategories&post=2816"},{"taxonomy":"post_tag","embeddable":true,"href":"http:\/\/rafa2020.fisica.org.ar\/index.php?rest_route=%2Fwp%2Fv2%2Ftags&post=2816"}],"curies":[{"name":"wp","href":"https:\/\/api.w.org\/{rel}","templated":true}]}}