{"id":3114,"date":"2020-09-15T20:52:59","date_gmt":"2020-09-15T20:52:59","guid":{"rendered":"http:\/\/afa.mvilamajo.opalstacked.com\/?p=3114"},"modified":"2020-09-15T21:01:51","modified_gmt":"2020-09-15T21:01:51","slug":"comienza-la-rafa","status":"publish","type":"post","link":"http:\/\/rafa2020.fisica.org.ar\/?p=3114","title":{"rendered":"Comienza la RAFA"},"content":{"rendered":"<p>Estimados Socios e Integrantes de la Comunidad F\u00edsica<\/p>\n<p>Tenemos el agrado de anunciar el comienzo de la <strong>105 RAFA (Reuni\u00f3n\u00a0 Anual de la Asociaci\u00f3n F\u00edsica Argentina) en formato virtual.<\/strong> Este a\u00f1o contamos con numerosas mejoras\u00a0 y avances tanto en la p\u00e1gina (<strong><a href=\"http:\/\/afa.mvilamajo.opalstacked.com\/\">http:\/\/afa.mvilamajo.opalstacked.com\/<\/a><\/strong>), como en la modalidad de la reuni\u00f3n.<\/p>\n<p>La\u00a0 105 RAFA se llevar\u00e1 a cabo principalmente por Divisiones. El formato virtual adem\u00e1s permitir\u00e1 la presencia de 45 charlas invitadas, como tambi\u00e9n numerosas charlas cortas, largas y posters, a lo largo de todas las divisiones. Las actividades se extender\u00e1n del <strong>16 al\u00a0 30 de septiembre,<\/strong> con mayor concentraci\u00f3n en la\u00a0 semana del 21 al 25 y\u00a0 una <strong>Bienvenida<\/strong> que tendr\u00e1 lugar el\u00a0 <strong>21 de septiembre a las 8:45 hs.<\/strong> a cargo del Presidente de nuestra Asociaci\u00f3n, en la sala de Usos M\u00faltiples.<\/p>\n<p>Los invitamos\u00a0 tambi\u00e9n a las actividades\u00a0 de la Comisi\u00f3n de\u00a0 G\u00e9nero, como as\u00ed tambi\u00e9n a la novedosa y actual secci\u00f3n COVID-19 donde de se desarrollaran charlas relacionas a esta tem\u00e1tica.<!--more--><\/p>\n<p>Queremos destacar que la p\u00e1gina de la RAFA hay disponibles <strong><em>\u201c<a href=\"http:\/\/afa.mvilamajo.opalstacked.com\/?page_id=1433\">micrositios<\/a>\u201d<\/em><\/strong> para cada divisi\u00f3n, con cronogramas en formato calendar. Adem\u00e1s en la p\u00e1gina web de la reuni\u00f3n hay un men\u00fa con\u00a0 &#8220;links importantes&#8221; \u00a0que contiene enlaces al <a href=\"http:\/\/afa.mvilamajo.opalstacked.com\/?page_id=2993\"><strong>libro de res\u00famenes<\/strong><\/a>, a la <a href=\"http:\/\/sistema.fisica.org.ar\/\"><strong>intranet de la \u00a0AFA<\/strong><\/a> y \u00a0a un <strong><a href=\"http:\/\/afa.mvilamajo.opalstacked.com\/wp-content\/uploads\/2020\/09\/CronogramaGeneral-Vertical-Bienvenida-links.pdf\">cronograma general<\/a><\/strong> de toda la reuni\u00f3n con las actividades de la semana del 21 al 25 de Septiembre.<\/p>\n<p>Por primera vez, el libro de res\u00famenes ser\u00e1 navegable, desplegable y conectado con los cronogramas de cada divisi\u00f3n.<\/p>\n<p>La Divisi\u00f3n de Materia Condensada tiene una\u00a0 Sesi\u00f3n de Posters Virtual. En el libro de res\u00famenes se encuentran los links a todos los videos, que estar\u00e1n disponibles durante toda la semana del 21 al 25 de septiembre.<\/p>\n<p>Es importante destacar que <strong>el ingreso a la plataforma de la reuni\u00f3n ser\u00e1 por la intranet de\u00a0 AFA (<a href=\"http:\/\/sistema.fisica.org.ar\/\">http:\/\/sistema.fisica.org.ar\/<\/a>) para todos los inscriptos con cuenta en el sistema de la Asociaci\u00f3n.\u00a0<\/strong> Siguiendo el camino intranet-&gt; reuniones-&gt;105 RAFA. All\u00ed encontrar\u00e1n un link de acceso a la conferencia.<\/p>\n<p>Una vez ingresada a la plataforma, cada sesi\u00f3n de divisi\u00f3n se llevar\u00e1 a cabo en la SALA del mismo nombre,\u00a0 mientras que bienvenida ser\u00e1 en la sala de Usos M\u00faltiples, al igual que las actividades de la Comisi\u00f3n de G\u00e9nero y COVID-19.<\/p>\n<p>Les agradecemos a todas y todos por su participaci\u00f3n y esperamos ansiosos encontrarlos durante la reuni\u00f3n.<\/p>\n<p>Atentamente<br \/>\n<strong>Comisi\u00f3n Directiva de la AFA<\/strong><br \/>\n<strong>Comit\u00e9 Organizador \u201cLocal\u201d<\/strong><\/p>\n","protected":false},"excerpt":{"rendered":"<p>Estimados Socios e Integrantes de la Comunidad F\u00edsica Tenemos el agrado de anunciar el comienzo de la 105 RAFA (Reuni\u00f3n\u00a0 Anual de la Asociaci\u00f3n F\u00edsica Argentina) en formato virtual. Este a\u00f1o contamos con numerosas mejoras\u00a0 y avances tanto en la p\u00e1gina (http:\/\/afa.mvilamajo.opalstacked.com\/), como en la modalidad de la reuni\u00f3n. La\u00a0 105 RAFA se llevar\u00e1 a<a class=\"moretag\" href=\"http:\/\/rafa2020.fisica.org.ar\/?p=3114\"><span class=\"screen-reader-text\">Read more about Comienza la RAFA<\/span>[&#8230;]<\/a><\/p>\n","protected":false},"author":6,"featured_media":3119,"comment_status":"open","ping_status":"open","sticky":false,"template":"","format":"standard","meta":[],"categories":[9,10],"tags":[],"_links":{"self":[{"href":"http:\/\/rafa2020.fisica.org.ar\/index.php?rest_route=\/wp\/v2\/posts\/3114"}],"collection":[{"href":"http:\/\/rafa2020.fisica.org.ar\/index.php?rest_route=\/wp\/v2\/posts"}],"about":[{"href":"http:\/\/rafa2020.fisica.org.ar\/index.php?rest_route=\/wp\/v2\/types\/post"}],"author":[{"embeddable":true,"href":"http:\/\/rafa2020.fisica.org.ar\/index.php?rest_route=\/wp\/v2\/users\/6"}],"replies":[{"embeddable":true,"href":"http:\/\/rafa2020.fisica.org.ar\/index.php?rest_route=%2Fwp%2Fv2%2Fcomments&post=3114"}],"version-history":[{"count":1,"href":"http:\/\/rafa2020.fisica.org.ar\/index.php?rest_route=\/wp\/v2\/posts\/3114\/revisions"}],"predecessor-version":[{"id":3116,"href":"http:\/\/rafa2020.fisica.org.ar\/index.php?rest_route=\/wp\/v2\/posts\/3114\/revisions\/3116"}],"wp:featuredmedia":[{"embeddable":true,"href":"http:\/\/rafa2020.fisica.org.ar\/index.php?rest_route=\/wp\/v2\/media\/3119"}],"wp:attachment":[{"href":"http:\/\/rafa2020.fisica.org.ar\/index.php?rest_route=%2Fwp%2Fv2%2Fmedia&parent=3114"}],"wp:term":[{"taxonomy":"category","embeddable":true,"href":"http:\/\/rafa2020.fisica.org.ar\/index.php?rest_route=%2Fwp%2Fv2%2Fcategories&post=3114"},{"taxonomy":"post_tag","embeddable":true,"href":"http:\/\/rafa2020.fisica.org.ar\/index.php?rest_route=%2Fwp%2Fv2%2Ftags&post=3114"}],"curies":[{"name":"wp","href":"https:\/\/api.w.org\/{rel}","templated":true}]}}